[{"N\u00famero":154,"Tipo":"PCG - Presta\u00e7\u00e3o de Contas de Governo","Descri\u00e7\u00e3o":"<div class=\"card\">\r\n<div class=\"card-body\">\r\n<div class=\"mb-0\">\r\n<p class=\"text mt-1 mb-1\">PRESTA&Ccedil;&Atilde;O DE CONTAS DE GOVERNO. PREFEITURA MUNIC&Iacute;PAL DE ALC&Acirc;NTARAS (CE). EXERC&Iacute;CIO FINANCEIRO DE 2021, OCORR&Ecirc;NCIAS VERIFICADAS INCAPAZES DE PREJUDICAR O CONTEXTO GERAL DAS CONTAS, PARECER PR&Eacute;VIO N&ordm; 154\/2024 FAVORAVEL A APROVA&Ccedil;&Atilde;O DAS CONTAS REGULARES COM RESSALVAS, RECOMENDA&Ccedil;&Otilde;ES E NOTIFICA&Ccedil;&Otilde;ES. DE RESPONSABILIDADE DO SENHOR JOAQUIM FREIRE CARVALHO.<\/p>\r\n<\/div>\r\n<\/div>\r\n<\/div>\r\n<div class=\"row \">\r\n<div class=\"col-md-12 col-xl-12\">\r\n<div id=\"\" class=\"card\">\r\n<div class=\"cabeca-card\">&nbsp;<\/div>\r\n<div class=\"card-body\">\r\n<div class=\"tab-content\">\r\n<div id=\"tab-0\" class=\"tab-pane fade active show\" role=\"tabpanel\" aria-labelledby=\"nav-0\"><\/div>\r\n<\/div>\r\n<\/div>\r\n<\/div>\r\n<\/div>\r\n<\/div>","Compet\u00eancia":"Agosto","Data":"02\/08\/2024","Exerc\u00edcio":2024},{"N\u00famero":181,"Tipo":"PCG - Presta\u00e7\u00e3o de Contas de Governo","Descri\u00e7\u00e3o":"<div class=\"mb-0\">\r\n<p class=\"text mt-1 mb-1\">PRESTA&Ccedil;&Atilde;O DE CONTAS DE GOVERNO. PREFEITURA MUNIC&Iacute;PAL DE ALC&Acirc;NTARAS (CE). EXERC&Iacute;CIO FINANCEIRO DE 2019 OCORR&Ecirc;NCIAS VERIFICADAS INCAPAZES DE PREJUDICAR O CONTEXTO GERAL DAS CONTAS. PARECER PR&Eacute;VIO N&ordm; 181\/2023. FAVORAVEL A APROVA&Ccedil;&Atilde;O DAS CONTAS, E RELATORIO, DE RESPONSABILIDADE DO SENHOR JOAQUIM FREIRE CARVALHO<\/p>\r\n<\/div>","Compet\u00eancia":"Agosto","Data":"18\/08\/2023","Exerc\u00edcio":2023},{"N\u00famero":285,"Tipo":"PCG - Presta\u00e7\u00e3o de Contas de Governo","Descri\u00e7\u00e3o":"<div class=\"col-md-12 col-12\">\r\n<p class=\"longlength lh-13\">PRESTA&Ccedil;&Atilde;O DE CONTAS DE GOVERNO. MUNIC&Iacute;PIO DE ALC&Acirc;NTARAS (CE). EXERC&Iacute;CIO FINANCEIRO DE 2018. PARECER PR&Eacute;VIO N&ordm; 285\/2022, FAVORAVEL PELA APROVA&Ccedil;&Atilde;O DAS CONTAS. RECOMENDA&Ccedil;&Otilde;ES E RELAT&Oacute;RIO, DE RESPONSABILIDADE DO SENHOR &ndash; JOAQUIM FREIRE CARVALHO<\/p>\r\n<\/div>\r\n<div class=\"col-lg-4 col-md-4 mb-0 col-12 fs-13 pt-0\">\r\n<p class=\"mb-0\">&nbsp;<\/p>\r\n<\/div>","Compet\u00eancia":"Fevereiro","Data":"03\/02\/2023","Exerc\u00edcio":2023},{"N\u00famero":115,"Tipo":"PCG - Presta\u00e7\u00e3o de Contas de Governo","Descri\u00e7\u00e3o":"<div class=\"mb-0\">\r\n<p class=\"text mt-1 mb-1\">PRESTA&Ccedil;&Atilde;O DE CONTAS DE GOVERNO DO MUNIC&Iacute;PIO DE ALC&Acirc;NTARAS. EXERC&Iacute;CIO DE 2017. PARECER MINISTERIAL PELA REGULARIDADE COM RESSALVA DAS CONTAS. DECIS&Atilde;O DO PLENO NO SENTIDO DE EMITIR PARECER PR&Eacute;VIO FAVOR&Aacute;VEL &Agrave; APROVA&Ccedil;&Atilde;O DAS CONTAS, COM RESSALVAS. RECOMENDA&Ccedil;&Otilde;ES.<\/p>\r\n<\/div>","Compet\u00eancia":"Maio","Data":"13\/05\/2022","Exerc\u00edcio":2022},{"N\u00famero":131,"Tipo":"PCG - Presta\u00e7\u00e3o de Contas de Governo","Descri\u00e7\u00e3o":"<div class=\"col-md-12 col-12\">\r\n<ul class=\"list-unstyled widget-spec1 mt-0\">\r\n<li class=\"mb-0\">\r\n<p class=\"longlength lh-13\">PRESTA&Ccedil;&Atilde;O DE CONTAS DE GOVERNO. MUNIC&Iacute;PIO DE ALC&Acirc;NTARAS (CE). EXERC&Iacute;CIO FINANCEIRO DE 2013. DE RESPONSABILIDADE DO SENHOR &ndash; FRANCISCO ELI&Eacute;SIO FONTELES<\/p>\r\n<\/li>\r\n<li class=\"mb-0\">REPROVADA<\/li>\r\n<\/ul>\r\n<\/div>\r\n<div class=\"col-lg-4 col-md-4 mb-0 col-12 fs-13 pt-0\">\r\n<p class=\"mb-0\">&nbsp;<\/p>\r\n<\/div>","Compet\u00eancia":"Abril","Data":"29\/04\/2022","Exerc\u00edcio":2022}]